{"id":174,"date":"2021-05-17T03:10:37","date_gmt":"2021-05-17T03:10:37","guid":{"rendered":"http:\/\/www.eatmestudio.com\/clientes\/larissa\/web\/?p=174"},"modified":"2021-06-16T23:30:23","modified_gmt":"2021-06-16T23:30:23","slug":"espacios-para-adolescentes","status":"publish","type":"post","link":"https:\/\/psicologiadeespacios.com\/en\/espacios-para-adolescentes\/","title":{"rendered":"SPACES FOR ADOLESCENTS"},"content":{"rendered":"<p>Ayudo a plasmar el mundo interior del adolescente en su espacio exterior, a conocer sus gustos est\u00e9ticos, a <strong>personalizar su espacio<\/strong>, logrando el balance perfecto para que pueda <strong>regular sus emociones<\/strong>, ser <strong>creativo<\/strong> y que a la vez desarrolle <strong>h\u00e1bitos de orden<\/strong> y mejore su <strong>rendimiento acad\u00e9mico.<\/strong> <\/p>\n\n\n\n<p>La Asesor\u00eda acompa\u00f1a esta etapa de <strong>fluctuaciones hormonales y emocionales<\/strong>, <strong>fricciones paterno-filiales<\/strong>, conflictos por el <strong>desorden<\/strong> y dem\u00e1s <strong>problem\u00e1ticas<\/strong> t\u00edpicas de la <strong>adolescencia.<\/strong><\/p>","protected":false},"excerpt":{"rendered":"<p>Ayudo a plasmar el mundo interior del adolescente en su espacio exterior, a conocer sus gustos est\u00e9ticos, a personalizar su espacio, logrando el balance perfecto para que pueda regular sus emociones, ser creativo y que a la vez desarrolle h\u00e1bitos de orden y mejore su rendimiento acad\u00e9mico. La Asesor\u00eda acompa\u00f1a esta etapa de fluctuaciones hormonales [&hellip;]<\/p>\n","protected":false},"author":1,"featured_media":0,"comment_status":"open","ping_status":"open","sticky":false,"template":"","format":"standard","meta":{"_acf_changed":false,"sfsi_plus_gutenberg_text_before_share":"","sfsi_plus_gutenberg_show_text_before_share":"","sfsi_plus_gutenberg_icon_type":"","sfsi_plus_gutenberg_icon_alignemt":"","sfsi_plus_gutenburg_max_per_row":"","footnotes":""},"categories":[5],"tags":[],"class_list":["post-174","post","type-post","status-publish","format-standard","hentry","category-metodologias"],"acf":[],"yoast_head":"<!-- This site is optimized with the Yoast SEO plugin v27.4 - https:\/\/yoast.com\/product\/yoast-seo-wordpress\/ -->\n<title>ESPACIOS PARA ADOLESCENTES - Larissa Del Rio - Psicolog\u00eda de Espacios<\/title>\n<meta name=\"robots\" content=\"index, follow, max-snippet:-1, max-image-preview:large, max-video-preview:-1\" \/>\n<link rel=\"canonical\" href=\"https:\/\/psicologiadeespacios.com\/en\/espacios-para-adolescentes\/\" \/>\n<meta property=\"og:locale\" content=\"en_US\" \/>\n<meta property=\"og:type\" content=\"article\" \/>\n<meta property=\"og:title\" content=\"ESPACIOS PARA ADOLESCENTES - Larissa Del Rio - Psicolog\u00eda de Espacios\" \/>\n<meta property=\"og:description\" content=\"Ayudo a plasmar el mundo interior del adolescente en su espacio exterior, a conocer sus gustos est\u00e9ticos, a personalizar su espacio, logrando el balance perfecto para que pueda regular sus emociones, ser creativo y que a la vez desarrolle h\u00e1bitos de orden y mejore su rendimiento acad\u00e9mico. La Asesor\u00eda acompa\u00f1a esta etapa de fluctuaciones hormonales [&hellip;]\" \/>\n<meta property=\"og:url\" content=\"https:\/\/psicologiadeespacios.com\/en\/espacios-para-adolescentes\/\" \/>\n<meta property=\"og:site_name\" content=\"Larissa Del Rio - Psicolog\u00eda de Espacios\" \/>\n<meta property=\"article:published_time\" content=\"2021-05-17T03:10:37+00:00\" \/>\n<meta property=\"article:modified_time\" content=\"2021-06-16T23:30:23+00:00\" \/>\n<meta name=\"author\" content=\"Eatme\" \/>\n<meta name=\"twitter:card\" content=\"summary_large_image\" \/>\n<meta name=\"twitter:label1\" content=\"Written by\" \/>\n\t<meta name=\"twitter:data1\" content=\"Eatme\" \/>\n<script type=\"application\/ld+json\" class=\"yoast-schema-graph\">{\"@context\":\"https:\\\/\\\/schema.org\",\"@graph\":[{\"@type\":\"Article\",\"@id\":\"https:\\\/\\\/psicologiadeespacios.com\\\/espacios-para-adolescentes\\\/#article\",\"isPartOf\":{\"@id\":\"https:\\\/\\\/psicologiadeespacios.com\\\/espacios-para-adolescentes\\\/\"},\"author\":{\"name\":\"Eatme\",\"@id\":\"https:\\\/\\\/psicologiadeespacios.com\\\/#\\\/schema\\\/person\\\/254995753160eb1f57541ec28b8ae844\"},\"headline\":\"ESPACIOS PARA ADOLESCENTES\",\"datePublished\":\"2021-05-17T03:10:37+00:00\",\"dateModified\":\"2021-06-16T23:30:23+00:00\",\"mainEntityOfPage\":{\"@id\":\"https:\\\/\\\/psicologiadeespacios.com\\\/espacios-para-adolescentes\\\/\"},\"wordCount\":81,\"commentCount\":0,\"articleSection\":[\"metodologias\"],\"inLanguage\":\"en-US\",\"potentialAction\":[{\"@type\":\"CommentAction\",\"name\":\"Comment\",\"target\":[\"https:\\\/\\\/psicologiadeespacios.com\\\/espacios-para-adolescentes\\\/#respond\"]}]},{\"@type\":\"WebPage\",\"@id\":\"https:\\\/\\\/psicologiadeespacios.com\\\/espacios-para-adolescentes\\\/\",\"url\":\"https:\\\/\\\/psicologiadeespacios.com\\\/espacios-para-adolescentes\\\/\",\"name\":\"ESPACIOS PARA ADOLESCENTES - Larissa Del Rio - Psicolog\u00eda de Espacios\",\"isPartOf\":{\"@id\":\"https:\\\/\\\/psicologiadeespacios.com\\\/#website\"},\"datePublished\":\"2021-05-17T03:10:37+00:00\",\"dateModified\":\"2021-06-16T23:30:23+00:00\",\"author\":{\"@id\":\"https:\\\/\\\/psicologiadeespacios.com\\\/#\\\/schema\\\/person\\\/254995753160eb1f57541ec28b8ae844\"},\"breadcrumb\":{\"@id\":\"https:\\\/\\\/psicologiadeespacios.com\\\/espacios-para-adolescentes\\\/#breadcrumb\"},\"inLanguage\":\"en-US\",\"potentialAction\":[{\"@type\":\"ReadAction\",\"target\":[\"https:\\\/\\\/psicologiadeespacios.com\\\/espacios-para-adolescentes\\\/\"]}]},{\"@type\":\"BreadcrumbList\",\"@id\":\"https:\\\/\\\/psicologiadeespacios.com\\\/espacios-para-adolescentes\\\/#breadcrumb\",\"itemListElement\":[{\"@type\":\"ListItem\",\"position\":1,\"name\":\"Portada\",\"item\":\"https:\\\/\\\/psicologiadeespacios.com\\\/\"},{\"@type\":\"ListItem\",\"position\":2,\"name\":\"ESPACIOS PARA ADOLESCENTES\"}]},{\"@type\":\"WebSite\",\"@id\":\"https:\\\/\\\/psicologiadeespacios.com\\\/#website\",\"url\":\"https:\\\/\\\/psicologiadeespacios.com\\\/\",\"name\":\"Larissa Del Rio - Psicolog\u00eda de Espacios\",\"description\":\"Te ayudo a transformar tus espacios, residenciales y laborales, para mejorar tu vida, y que \u00e9sta se convierta en una experiencia disfrutable.\",\"potentialAction\":[{\"@type\":\"SearchAction\",\"target\":{\"@type\":\"EntryPoint\",\"urlTemplate\":\"https:\\\/\\\/psicologiadeespacios.com\\\/?s={search_term_string}\"},\"query-input\":{\"@type\":\"PropertyValueSpecification\",\"valueRequired\":true,\"valueName\":\"search_term_string\"}}],\"inLanguage\":\"en-US\"},{\"@type\":\"Person\",\"@id\":\"https:\\\/\\\/psicologiadeespacios.com\\\/#\\\/schema\\\/person\\\/254995753160eb1f57541ec28b8ae844\",\"name\":\"Eatme\",\"image\":{\"@type\":\"ImageObject\",\"inLanguage\":\"en-US\",\"@id\":\"https:\\\/\\\/secure.gravatar.com\\\/avatar\\\/6b51aaa105897bd2386bb786e38781df969afe71045195197ab525cb9e0bc27c?s=96&d=mm&r=g\",\"url\":\"https:\\\/\\\/secure.gravatar.com\\\/avatar\\\/6b51aaa105897bd2386bb786e38781df969afe71045195197ab525cb9e0bc27c?s=96&d=mm&r=g\",\"contentUrl\":\"https:\\\/\\\/secure.gravatar.com\\\/avatar\\\/6b51aaa105897bd2386bb786e38781df969afe71045195197ab525cb9e0bc27c?s=96&d=mm&r=g\",\"caption\":\"Eatme\"},\"sameAs\":[\"http:\\\/\\\/www.eatmestudio.com\\\/clientes\\\/larissa\\\/web\"],\"url\":\"https:\\\/\\\/psicologiadeespacios.com\\\/en\\\/author\\\/eatme\\\/\"}]}<\/script>\n<!-- \/ Yoast SEO plugin. -->","yoast_head_json":{"title":"ESPACIOS PARA ADOLESCENTES - Larissa Del Rio - Psicolog\u00eda de Espacios","robots":{"index":"index","follow":"follow","max-snippet":"max-snippet:-1","max-image-preview":"max-image-preview:large","max-video-preview":"max-video-preview:-1"},"canonical":"https:\/\/psicologiadeespacios.com\/en\/espacios-para-adolescentes\/","og_locale":"en_US","og_type":"article","og_title":"ESPACIOS PARA ADOLESCENTES - Larissa Del Rio - Psicolog\u00eda de Espacios","og_description":"Ayudo a plasmar el mundo interior del adolescente en su espacio exterior, a conocer sus gustos est\u00e9ticos, a personalizar su espacio, logrando el balance perfecto para que pueda regular sus emociones, ser creativo y que a la vez desarrolle h\u00e1bitos de orden y mejore su rendimiento acad\u00e9mico. La Asesor\u00eda acompa\u00f1a esta etapa de fluctuaciones hormonales [&hellip;]","og_url":"https:\/\/psicologiadeespacios.com\/en\/espacios-para-adolescentes\/","og_site_name":"Larissa Del Rio - Psicolog\u00eda de Espacios","article_published_time":"2021-05-17T03:10:37+00:00","article_modified_time":"2021-06-16T23:30:23+00:00","author":"Eatme","twitter_card":"summary_large_image","twitter_misc":{"Written by":"Eatme"},"schema":{"@context":"https:\/\/schema.org","@graph":[{"@type":"Article","@id":"https:\/\/psicologiadeespacios.com\/espacios-para-adolescentes\/#article","isPartOf":{"@id":"https:\/\/psicologiadeespacios.com\/espacios-para-adolescentes\/"},"author":{"name":"Eatme","@id":"https:\/\/psicologiadeespacios.com\/#\/schema\/person\/254995753160eb1f57541ec28b8ae844"},"headline":"ESPACIOS PARA ADOLESCENTES","datePublished":"2021-05-17T03:10:37+00:00","dateModified":"2021-06-16T23:30:23+00:00","mainEntityOfPage":{"@id":"https:\/\/psicologiadeespacios.com\/espacios-para-adolescentes\/"},"wordCount":81,"commentCount":0,"articleSection":["metodologias"],"inLanguage":"en-US","potentialAction":[{"@type":"CommentAction","name":"Comment","target":["https:\/\/psicologiadeespacios.com\/espacios-para-adolescentes\/#respond"]}]},{"@type":"WebPage","@id":"https:\/\/psicologiadeespacios.com\/espacios-para-adolescentes\/","url":"https:\/\/psicologiadeespacios.com\/espacios-para-adolescentes\/","name":"ESPACIOS PARA ADOLESCENTES - Larissa Del Rio - Psicolog\u00eda de Espacios","isPartOf":{"@id":"https:\/\/psicologiadeespacios.com\/#website"},"datePublished":"2021-05-17T03:10:37+00:00","dateModified":"2021-06-16T23:30:23+00:00","author":{"@id":"https:\/\/psicologiadeespacios.com\/#\/schema\/person\/254995753160eb1f57541ec28b8ae844"},"breadcrumb":{"@id":"https:\/\/psicologiadeespacios.com\/espacios-para-adolescentes\/#breadcrumb"},"inLanguage":"en-US","potentialAction":[{"@type":"ReadAction","target":["https:\/\/psicologiadeespacios.com\/espacios-para-adolescentes\/"]}]},{"@type":"BreadcrumbList","@id":"https:\/\/psicologiadeespacios.com\/espacios-para-adolescentes\/#breadcrumb","itemListElement":[{"@type":"ListItem","position":1,"name":"Portada","item":"https:\/\/psicologiadeespacios.com\/"},{"@type":"ListItem","position":2,"name":"ESPACIOS PARA ADOLESCENTES"}]},{"@type":"WebSite","@id":"https:\/\/psicologiadeespacios.com\/#website","url":"https:\/\/psicologiadeespacios.com\/","name":"Larissa Del Rio - Psicolog\u00eda de Espacios","description":"Te ayudo a transformar tus espacios, residenciales y laborales, para mejorar tu vida, y que \u00e9sta se convierta en una experiencia disfrutable.","potentialAction":[{"@type":"SearchAction","target":{"@type":"EntryPoint","urlTemplate":"https:\/\/psicologiadeespacios.com\/?s={search_term_string}"},"query-input":{"@type":"PropertyValueSpecification","valueRequired":true,"valueName":"search_term_string"}}],"inLanguage":"en-US"},{"@type":"Person","@id":"https:\/\/psicologiadeespacios.com\/#\/schema\/person\/254995753160eb1f57541ec28b8ae844","name":"Eatme","image":{"@type":"ImageObject","inLanguage":"en-US","@id":"https:\/\/secure.gravatar.com\/avatar\/6b51aaa105897bd2386bb786e38781df969afe71045195197ab525cb9e0bc27c?s=96&d=mm&r=g","url":"https:\/\/secure.gravatar.com\/avatar\/6b51aaa105897bd2386bb786e38781df969afe71045195197ab525cb9e0bc27c?s=96&d=mm&r=g","contentUrl":"https:\/\/secure.gravatar.com\/avatar\/6b51aaa105897bd2386bb786e38781df969afe71045195197ab525cb9e0bc27c?s=96&d=mm&r=g","caption":"Eatme"},"sameAs":["http:\/\/www.eatmestudio.com\/clientes\/larissa\/web"],"url":"https:\/\/psicologiadeespacios.com\/en\/author\/eatme\/"}]}},"_links":{"self":[{"href":"https:\/\/psicologiadeespacios.com\/en\/wp-json\/wp\/v2\/posts\/174","targetHints":{"allow":["GET"]}}],"collection":[{"href":"https:\/\/psicologiadeespacios.com\/en\/wp-json\/wp\/v2\/posts"}],"about":[{"href":"https:\/\/psicologiadeespacios.com\/en\/wp-json\/wp\/v2\/types\/post"}],"author":[{"embeddable":true,"href":"https:\/\/psicologiadeespacios.com\/en\/wp-json\/wp\/v2\/users\/1"}],"replies":[{"embeddable":true,"href":"https:\/\/psicologiadeespacios.com\/en\/wp-json\/wp\/v2\/comments?post=174"}],"version-history":[{"count":0,"href":"https:\/\/psicologiadeespacios.com\/en\/wp-json\/wp\/v2\/posts\/174\/revisions"}],"wp:attachment":[{"href":"https:\/\/psicologiadeespacios.com\/en\/wp-json\/wp\/v2\/media?parent=174"}],"wp:term":[{"taxonomy":"category","embeddable":true,"href":"https:\/\/psicologiadeespacios.com\/en\/wp-json\/wp\/v2\/categories?post=174"},{"taxonomy":"post_tag","embeddable":true,"href":"https:\/\/psicologiadeespacios.com\/en\/wp-json\/wp\/v2\/tags?post=174"}],"curies":[{"name":"wp","href":"https:\/\/api.w.org\/{rel}","templated":true}]}}