{"id":163,"date":"2021-05-15T03:05:25","date_gmt":"2021-05-15T03:05:25","guid":{"rendered":"http:\/\/www.eatmestudio.com\/clientes\/larissa\/web\/?p=163"},"modified":"2021-06-16T23:31:55","modified_gmt":"2021-06-16T23:31:55","slug":"padres-primerizos-creacion-del-nido-del-bebe","status":"publish","type":"post","link":"https:\/\/psicologiadeespacios.com\/en\/padres-primerizos-creacion-del-nido-del-bebe\/","title":{"rendered":"PADRES PRIMERIZOS: <br> CREACI\u00d3N DEL NIDO DEL BEB\u00c9"},"content":{"rendered":"<p>Ayudo a la pareja a re-acomodar la casa para <strong>abrirle espacio al nuevo integrante<\/strong> para que de este modo la <strong>casa evolucione<\/strong> a la vez que la <strong>familia evoluciona.\u00a0<\/strong><\/p>\n\n\n\n<p>Los ayudo a crear el nido del beb\u00e9 basado en conceptos de Psicolog\u00eda del Color, de la forma y teor\u00edas psicol\u00f3gicas de esta etapa del desarrollo.<br><\/p>\n\n\n\n<p>Con esta metodolog\u00eda la pareja toma <strong>decisiones asertivas<\/strong> de modo que ambos est\u00e9n igualmente involucrados.<\/p>","protected":false},"excerpt":{"rendered":"<p>Ayudo a la pareja a re-acomodar la casa para abrirle espacio al nuevo integrante para que de este modo la casa evolucione a la vez que la familia evoluciona.\u00a0 Los ayudo a crear el nido del beb\u00e9 basado en conceptos de Psicolog\u00eda del Color, de la forma y teor\u00edas psicol\u00f3gicas de esta etapa del desarrollo. [&hellip;]<\/p>\n","protected":false},"author":1,"featured_media":0,"comment_status":"open","ping_status":"open","sticky":false,"template":"","format":"standard","meta":{"_acf_changed":false,"sfsi_plus_gutenberg_text_before_share":"","sfsi_plus_gutenberg_show_text_before_share":"","sfsi_plus_gutenberg_icon_type":"","sfsi_plus_gutenberg_icon_alignemt":"","sfsi_plus_gutenburg_max_per_row":"","footnotes":""},"categories":[5],"tags":[],"class_list":["post-163","post","type-post","status-publish","format-standard","hentry","category-metodologias"],"acf":[],"yoast_head":"<!-- This site is optimized with the Yoast SEO plugin v27.4 - https:\/\/yoast.com\/product\/yoast-seo-wordpress\/ -->\n<title>PADRES PRIMERIZOS:  CREACI\u00d3N DEL NIDO DEL BEB\u00c9 - Larissa Del Rio - Psicolog\u00eda de Espacios<\/title>\n<meta name=\"robots\" content=\"index, follow, max-snippet:-1, max-image-preview:large, max-video-preview:-1\" \/>\n<link rel=\"canonical\" href=\"https:\/\/psicologiadeespacios.com\/en\/padres-primerizos-creacion-del-nido-del-bebe\/\" \/>\n<meta property=\"og:locale\" content=\"en_US\" \/>\n<meta property=\"og:type\" content=\"article\" \/>\n<meta property=\"og:title\" content=\"PADRES PRIMERIZOS:  CREACI\u00d3N DEL NIDO DEL BEB\u00c9 - Larissa Del Rio - Psicolog\u00eda de Espacios\" \/>\n<meta property=\"og:description\" content=\"Ayudo a la pareja a re-acomodar la casa para abrirle espacio al nuevo integrante para que de este modo la casa evolucione a la vez que la familia evoluciona.\u00a0 Los ayudo a crear el nido del beb\u00e9 basado en conceptos de Psicolog\u00eda del Color, de la forma y teor\u00edas psicol\u00f3gicas de esta etapa del desarrollo. [&hellip;]\" \/>\n<meta property=\"og:url\" content=\"https:\/\/psicologiadeespacios.com\/en\/padres-primerizos-creacion-del-nido-del-bebe\/\" \/>\n<meta property=\"og:site_name\" content=\"Larissa Del Rio - Psicolog\u00eda de Espacios\" \/>\n<meta property=\"article:published_time\" content=\"2021-05-15T03:05:25+00:00\" \/>\n<meta property=\"article:modified_time\" content=\"2021-06-16T23:31:55+00:00\" \/>\n<meta name=\"author\" content=\"Eatme\" \/>\n<meta name=\"twitter:card\" content=\"summary_large_image\" \/>\n<meta name=\"twitter:label1\" content=\"Written by\" \/>\n\t<meta name=\"twitter:data1\" content=\"Eatme\" \/>\n<script type=\"application\/ld+json\" class=\"yoast-schema-graph\">{\"@context\":\"https:\\\/\\\/schema.org\",\"@graph\":[{\"@type\":\"Article\",\"@id\":\"https:\\\/\\\/psicologiadeespacios.com\\\/padres-primerizos-creacion-del-nido-del-bebe\\\/#article\",\"isPartOf\":{\"@id\":\"https:\\\/\\\/psicologiadeespacios.com\\\/padres-primerizos-creacion-del-nido-del-bebe\\\/\"},\"author\":{\"name\":\"Eatme\",\"@id\":\"https:\\\/\\\/psicologiadeespacios.com\\\/#\\\/schema\\\/person\\\/254995753160eb1f57541ec28b8ae844\"},\"headline\":\"PADRES PRIMERIZOS: CREACI\u00d3N DEL NIDO DEL BEB\u00c9\",\"datePublished\":\"2021-05-15T03:05:25+00:00\",\"dateModified\":\"2021-06-16T23:31:55+00:00\",\"mainEntityOfPage\":{\"@id\":\"https:\\\/\\\/psicologiadeespacios.com\\\/padres-primerizos-creacion-del-nido-del-bebe\\\/\"},\"wordCount\":83,\"commentCount\":0,\"articleSection\":[\"metodologias\"],\"inLanguage\":\"en-US\",\"potentialAction\":[{\"@type\":\"CommentAction\",\"name\":\"Comment\",\"target\":[\"https:\\\/\\\/psicologiadeespacios.com\\\/padres-primerizos-creacion-del-nido-del-bebe\\\/#respond\"]}]},{\"@type\":\"WebPage\",\"@id\":\"https:\\\/\\\/psicologiadeespacios.com\\\/padres-primerizos-creacion-del-nido-del-bebe\\\/\",\"url\":\"https:\\\/\\\/psicologiadeespacios.com\\\/padres-primerizos-creacion-del-nido-del-bebe\\\/\",\"name\":\"PADRES PRIMERIZOS: CREACI\u00d3N DEL NIDO DEL BEB\u00c9 - Larissa Del Rio - Psicolog\u00eda de Espacios\",\"isPartOf\":{\"@id\":\"https:\\\/\\\/psicologiadeespacios.com\\\/#website\"},\"datePublished\":\"2021-05-15T03:05:25+00:00\",\"dateModified\":\"2021-06-16T23:31:55+00:00\",\"author\":{\"@id\":\"https:\\\/\\\/psicologiadeespacios.com\\\/#\\\/schema\\\/person\\\/254995753160eb1f57541ec28b8ae844\"},\"breadcrumb\":{\"@id\":\"https:\\\/\\\/psicologiadeespacios.com\\\/padres-primerizos-creacion-del-nido-del-bebe\\\/#breadcrumb\"},\"inLanguage\":\"en-US\",\"potentialAction\":[{\"@type\":\"ReadAction\",\"target\":[\"https:\\\/\\\/psicologiadeespacios.com\\\/padres-primerizos-creacion-del-nido-del-bebe\\\/\"]}]},{\"@type\":\"BreadcrumbList\",\"@id\":\"https:\\\/\\\/psicologiadeespacios.com\\\/padres-primerizos-creacion-del-nido-del-bebe\\\/#breadcrumb\",\"itemListElement\":[{\"@type\":\"ListItem\",\"position\":1,\"name\":\"Portada\",\"item\":\"https:\\\/\\\/psicologiadeespacios.com\\\/\"},{\"@type\":\"ListItem\",\"position\":2,\"name\":\"PADRES PRIMERIZOS: CREACI\u00d3N DEL NIDO DEL BEB\u00c9\"}]},{\"@type\":\"WebSite\",\"@id\":\"https:\\\/\\\/psicologiadeespacios.com\\\/#website\",\"url\":\"https:\\\/\\\/psicologiadeespacios.com\\\/\",\"name\":\"Larissa Del Rio - Psicolog\u00eda de Espacios\",\"description\":\"Te ayudo a transformar tus espacios, residenciales y laborales, para mejorar tu vida, y que \u00e9sta se convierta en una experiencia disfrutable.\",\"potentialAction\":[{\"@type\":\"SearchAction\",\"target\":{\"@type\":\"EntryPoint\",\"urlTemplate\":\"https:\\\/\\\/psicologiadeespacios.com\\\/?s={search_term_string}\"},\"query-input\":{\"@type\":\"PropertyValueSpecification\",\"valueRequired\":true,\"valueName\":\"search_term_string\"}}],\"inLanguage\":\"en-US\"},{\"@type\":\"Person\",\"@id\":\"https:\\\/\\\/psicologiadeespacios.com\\\/#\\\/schema\\\/person\\\/254995753160eb1f57541ec28b8ae844\",\"name\":\"Eatme\",\"image\":{\"@type\":\"ImageObject\",\"inLanguage\":\"en-US\",\"@id\":\"https:\\\/\\\/secure.gravatar.com\\\/avatar\\\/6b51aaa105897bd2386bb786e38781df969afe71045195197ab525cb9e0bc27c?s=96&d=mm&r=g\",\"url\":\"https:\\\/\\\/secure.gravatar.com\\\/avatar\\\/6b51aaa105897bd2386bb786e38781df969afe71045195197ab525cb9e0bc27c?s=96&d=mm&r=g\",\"contentUrl\":\"https:\\\/\\\/secure.gravatar.com\\\/avatar\\\/6b51aaa105897bd2386bb786e38781df969afe71045195197ab525cb9e0bc27c?s=96&d=mm&r=g\",\"caption\":\"Eatme\"},\"sameAs\":[\"http:\\\/\\\/www.eatmestudio.com\\\/clientes\\\/larissa\\\/web\"],\"url\":\"https:\\\/\\\/psicologiadeespacios.com\\\/en\\\/author\\\/eatme\\\/\"}]}<\/script>\n<!-- \/ Yoast SEO plugin. -->","yoast_head_json":{"title":"PADRES PRIMERIZOS:  CREACI\u00d3N DEL NIDO DEL BEB\u00c9 - Larissa Del Rio - Psicolog\u00eda de Espacios","robots":{"index":"index","follow":"follow","max-snippet":"max-snippet:-1","max-image-preview":"max-image-preview:large","max-video-preview":"max-video-preview:-1"},"canonical":"https:\/\/psicologiadeespacios.com\/en\/padres-primerizos-creacion-del-nido-del-bebe\/","og_locale":"en_US","og_type":"article","og_title":"PADRES PRIMERIZOS:  CREACI\u00d3N DEL NIDO DEL BEB\u00c9 - Larissa Del Rio - Psicolog\u00eda de Espacios","og_description":"Ayudo a la pareja a re-acomodar la casa para abrirle espacio al nuevo integrante para que de este modo la casa evolucione a la vez que la familia evoluciona.\u00a0 Los ayudo a crear el nido del beb\u00e9 basado en conceptos de Psicolog\u00eda del Color, de la forma y teor\u00edas psicol\u00f3gicas de esta etapa del desarrollo. [&hellip;]","og_url":"https:\/\/psicologiadeespacios.com\/en\/padres-primerizos-creacion-del-nido-del-bebe\/","og_site_name":"Larissa Del Rio - Psicolog\u00eda de Espacios","article_published_time":"2021-05-15T03:05:25+00:00","article_modified_time":"2021-06-16T23:31:55+00:00","author":"Eatme","twitter_card":"summary_large_image","twitter_misc":{"Written by":"Eatme"},"schema":{"@context":"https:\/\/schema.org","@graph":[{"@type":"Article","@id":"https:\/\/psicologiadeespacios.com\/padres-primerizos-creacion-del-nido-del-bebe\/#article","isPartOf":{"@id":"https:\/\/psicologiadeespacios.com\/padres-primerizos-creacion-del-nido-del-bebe\/"},"author":{"name":"Eatme","@id":"https:\/\/psicologiadeespacios.com\/#\/schema\/person\/254995753160eb1f57541ec28b8ae844"},"headline":"PADRES PRIMERIZOS: CREACI\u00d3N DEL NIDO DEL BEB\u00c9","datePublished":"2021-05-15T03:05:25+00:00","dateModified":"2021-06-16T23:31:55+00:00","mainEntityOfPage":{"@id":"https:\/\/psicologiadeespacios.com\/padres-primerizos-creacion-del-nido-del-bebe\/"},"wordCount":83,"commentCount":0,"articleSection":["metodologias"],"inLanguage":"en-US","potentialAction":[{"@type":"CommentAction","name":"Comment","target":["https:\/\/psicologiadeespacios.com\/padres-primerizos-creacion-del-nido-del-bebe\/#respond"]}]},{"@type":"WebPage","@id":"https:\/\/psicologiadeespacios.com\/padres-primerizos-creacion-del-nido-del-bebe\/","url":"https:\/\/psicologiadeespacios.com\/padres-primerizos-creacion-del-nido-del-bebe\/","name":"PADRES PRIMERIZOS: CREACI\u00d3N DEL NIDO DEL BEB\u00c9 - Larissa Del Rio - Psicolog\u00eda de Espacios","isPartOf":{"@id":"https:\/\/psicologiadeespacios.com\/#website"},"datePublished":"2021-05-15T03:05:25+00:00","dateModified":"2021-06-16T23:31:55+00:00","author":{"@id":"https:\/\/psicologiadeespacios.com\/#\/schema\/person\/254995753160eb1f57541ec28b8ae844"},"breadcrumb":{"@id":"https:\/\/psicologiadeespacios.com\/padres-primerizos-creacion-del-nido-del-bebe\/#breadcrumb"},"inLanguage":"en-US","potentialAction":[{"@type":"ReadAction","target":["https:\/\/psicologiadeespacios.com\/padres-primerizos-creacion-del-nido-del-bebe\/"]}]},{"@type":"BreadcrumbList","@id":"https:\/\/psicologiadeespacios.com\/padres-primerizos-creacion-del-nido-del-bebe\/#breadcrumb","itemListElement":[{"@type":"ListItem","position":1,"name":"Portada","item":"https:\/\/psicologiadeespacios.com\/"},{"@type":"ListItem","position":2,"name":"PADRES PRIMERIZOS: CREACI\u00d3N DEL NIDO DEL BEB\u00c9"}]},{"@type":"WebSite","@id":"https:\/\/psicologiadeespacios.com\/#website","url":"https:\/\/psicologiadeespacios.com\/","name":"Larissa Del Rio - Psicolog\u00eda de Espacios","description":"Te ayudo a transformar tus espacios, residenciales y laborales, para mejorar tu vida, y que \u00e9sta se convierta en una experiencia disfrutable.","potentialAction":[{"@type":"SearchAction","target":{"@type":"EntryPoint","urlTemplate":"https:\/\/psicologiadeespacios.com\/?s={search_term_string}"},"query-input":{"@type":"PropertyValueSpecification","valueRequired":true,"valueName":"search_term_string"}}],"inLanguage":"en-US"},{"@type":"Person","@id":"https:\/\/psicologiadeespacios.com\/#\/schema\/person\/254995753160eb1f57541ec28b8ae844","name":"Eatme","image":{"@type":"ImageObject","inLanguage":"en-US","@id":"https:\/\/secure.gravatar.com\/avatar\/6b51aaa105897bd2386bb786e38781df969afe71045195197ab525cb9e0bc27c?s=96&d=mm&r=g","url":"https:\/\/secure.gravatar.com\/avatar\/6b51aaa105897bd2386bb786e38781df969afe71045195197ab525cb9e0bc27c?s=96&d=mm&r=g","contentUrl":"https:\/\/secure.gravatar.com\/avatar\/6b51aaa105897bd2386bb786e38781df969afe71045195197ab525cb9e0bc27c?s=96&d=mm&r=g","caption":"Eatme"},"sameAs":["http:\/\/www.eatmestudio.com\/clientes\/larissa\/web"],"url":"https:\/\/psicologiadeespacios.com\/en\/author\/eatme\/"}]}},"_links":{"self":[{"href":"https:\/\/psicologiadeespacios.com\/en\/wp-json\/wp\/v2\/posts\/163","targetHints":{"allow":["GET"]}}],"collection":[{"href":"https:\/\/psicologiadeespacios.com\/en\/wp-json\/wp\/v2\/posts"}],"about":[{"href":"https:\/\/psicologiadeespacios.com\/en\/wp-json\/wp\/v2\/types\/post"}],"author":[{"embeddable":true,"href":"https:\/\/psicologiadeespacios.com\/en\/wp-json\/wp\/v2\/users\/1"}],"replies":[{"embeddable":true,"href":"https:\/\/psicologiadeespacios.com\/en\/wp-json\/wp\/v2\/comments?post=163"}],"version-history":[{"count":0,"href":"https:\/\/psicologiadeespacios.com\/en\/wp-json\/wp\/v2\/posts\/163\/revisions"}],"wp:attachment":[{"href":"https:\/\/psicologiadeespacios.com\/en\/wp-json\/wp\/v2\/media?parent=163"}],"wp:term":[{"taxonomy":"category","embeddable":true,"href":"https:\/\/psicologiadeespacios.com\/en\/wp-json\/wp\/v2\/categories?post=163"},{"taxonomy":"post_tag","embeddable":true,"href":"https:\/\/psicologiadeespacios.com\/en\/wp-json\/wp\/v2\/tags?post=163"}],"curies":[{"name":"wp","href":"https:\/\/api.w.org\/{rel}","templated":true}]}}